{"id":1173,"date":"2020-03-16T17:45:38","date_gmt":"2020-03-16T16:45:38","guid":{"rendered":"http:\/\/www.esv-Muenchen-west.de\/?p=1173"},"modified":"2024-01-10T18:39:14","modified_gmt":"2024-01-10T17:39:14","slug":"jahreshauptversammlung-verschoben","status":"publish","type":"post","link":"https:\/\/www.esv-Muenchen-west.de\/?p=1173","title":{"rendered":"Jahreshauptversammlung verschoben"},"content":{"rendered":"\n<p><strong>An alle Mitglieder<\/strong><strong><\/strong><\/p>\n\n\n\n<p><strong>des ESV\nM\u00fcnchen-West e.V.<\/strong><\/p>\n\n\n\n<p>Aufgrund\ndes sich weiter ausbreitenden Coronavirus, hat sich die Vorstandschaft des ESV<\/p>\n\n\n\n<p>M\u00fcnchen-West\ne.V. entschieden, den Empfehlungen der Regierung zu folgen und die f\u00fcr Freitag,\nden <strong>20. M\u00e4rz 2020 um 18 Uhr,<\/strong>\ngeplante Jahreshauptversammlung, <strong>abzusagen<\/strong>.<\/p>\n\n\n\n<p>Ein\nErsatztermin kann zum jetzigen Zeitpunkt\u00a0\nnoch nicht genannt werden. <\/p>\n\n\n\n<p>Wir\nwerden zu gegebener Zeit ein neues Einladungsschreiben versenden und gehen\ndavon aus, dass diese Entscheidung in aller Interesse ist.<\/p>\n\n\n\n<p>Mit sportlichen Gr\u00fc\u00dfen<\/p>\n\n\n\n<p>Die Vorstandschaft<\/p>\n","protected":false},"excerpt":{"rendered":"<p>An alle Mitglieder des ESV M\u00fcnchen-West e.V. Aufgrund des sich weiter ausbreitenden Coronavirus, hat sich die Vorstandschaft des ESV M\u00fcnchen-West e.V. entschieden, den Empfehlungen der Regierung zu folgen und die f\u00fcr Freitag, den 20. M\u00e4rz 2020 um 18 Uhr, geplante Jahreshauptversammlung, abzusagen. Ein Ersatztermin kann zum jetzigen Zeitpunkt\u00a0 noch nicht genannt werden. Wir werden zu [&#8230;]<\/p>\n","protected":false},"author":1,"featured_media":0,"comment_status":"closed","ping_status":"closed","sticky":false,"template":"","format":"standard","meta":{"iawp_total_views":1,"footnotes":""},"categories":[18,53,54,1,52],"tags":[],"class_list":["post-1173","post","type-post","status-publish","format-standard","hentry","category-blog","category-stockschiessen","category-tennis","category-uncategorized","category-verein"],"_links":{"self":[{"href":"https:\/\/www.esv-Muenchen-west.de\/index.php?rest_route=\/wp\/v2\/posts\/1173","targetHints":{"allow":["GET"]}}],"collection":[{"href":"https:\/\/www.esv-Muenchen-west.de\/index.php?rest_route=\/wp\/v2\/posts"}],"about":[{"href":"https:\/\/www.esv-Muenchen-west.de\/index.php?rest_route=\/wp\/v2\/types\/post"}],"author":[{"embeddable":true,"href":"https:\/\/www.esv-Muenchen-west.de\/index.php?rest_route=\/wp\/v2\/users\/1"}],"replies":[{"embeddable":true,"href":"https:\/\/www.esv-Muenchen-west.de\/index.php?rest_route=%2Fwp%2Fv2%2Fcomments&post=1173"}],"version-history":[{"count":1,"href":"https:\/\/www.esv-Muenchen-west.de\/index.php?rest_route=\/wp\/v2\/posts\/1173\/revisions"}],"predecessor-version":[{"id":1174,"href":"https:\/\/www.esv-Muenchen-west.de\/index.php?rest_route=\/wp\/v2\/posts\/1173\/revisions\/1174"}],"wp:attachment":[{"href":"https:\/\/www.esv-Muenchen-west.de\/index.php?rest_route=%2Fwp%2Fv2%2Fmedia&parent=1173"}],"wp:term":[{"taxonomy":"category","embeddable":true,"href":"https:\/\/www.esv-Muenchen-west.de\/index.php?rest_route=%2Fwp%2Fv2%2Fcategories&post=1173"},{"taxonomy":"post_tag","embeddable":true,"href":"https:\/\/www.esv-Muenchen-west.de\/index.php?rest_route=%2Fwp%2Fv2%2Ftags&post=1173"}],"curies":[{"name":"wp","href":"https:\/\/api.w.org\/{rel}","templated":true}]}}