{"id":1195,"date":"2020-07-17T09:01:54","date_gmt":"2020-07-17T08:01:54","guid":{"rendered":"http:\/\/www.esv-Muenchen-west.de\/?p=1195"},"modified":"2024-01-10T18:41:09","modified_gmt":"2024-01-10T17:41:09","slug":"hygieneschutzkonzept-fuer-den-esv-muenchen-west-e-v","status":"publish","type":"post","link":"https:\/\/www.esv-Muenchen-west.de\/?p=1195","title":{"rendered":"Hygieneschutzkonzept  f\u00fcr den ESV M\u00fcnchen-West e.V."},"content":{"rendered":"\n<p><\/p>\n\n\n\n<div class=\"wp-block-image\"><figure class=\"aligncenter size-large\"><img loading=\"lazy\" decoding=\"async\" width=\"484\" height=\"484\" src=\"https:\/\/www.esv-Muenchen-west.de\/wp-content\/uploads\/2015\/08\/esvlogo2.png\" alt=\"\" class=\"wp-image-716\" srcset=\"https:\/\/www.esv-Muenchen-west.de\/wp-content\/uploads\/2015\/08\/esvlogo2.png 484w, https:\/\/www.esv-Muenchen-west.de\/wp-content\/uploads\/2015\/08\/esvlogo2-150x150.png 150w, https:\/\/www.esv-Muenchen-west.de\/wp-content\/uploads\/2015\/08\/esvlogo2-450x450.png 450w, https:\/\/www.esv-Muenchen-west.de\/wp-content\/uploads\/2015\/08\/esvlogo2-250x250.png 250w, https:\/\/www.esv-Muenchen-west.de\/wp-content\/uploads\/2015\/08\/esvlogo2-120x120.png 120w\" sizes=\"auto, (max-width: 484px) 100vw, 484px\" \/><\/figure><\/div>\n\n\n\n<p><\/p>\n\n\n\n<p>Stand: 09.07.2020<\/p>\n\n\n\n<p><strong>Im Rahmen der Wiederaufnahme des Sportbetriebs wird seitens\ndes Bayerischen Staatsministeriums des Innern, f\u00fcr Sport und Integration ein\nHygieneschutzkonzept f\u00fcr Sportvereine gefordert<\/strong><\/p>\n\n\n\n<p><strong>Generelle\nSicherheits- und Hygieneregeln<\/strong><\/p>\n\n\n\n<ul class=\"wp-block-list\"><li>Wir weisen unsere Mitglieder auf den <strong>Mindestabstand\nvon 1,5 Metern<\/strong> zwischen Personen im In- und Outdoorbereich hin. <\/li><\/ul>\n\n\n\n<ul class=\"wp-block-list\"><li><strong>Jeglicher K\u00f6rperkontakt<\/strong> (z. B. Begr\u00fc\u00dfung,\nVerabschiedung, etc.) ist untersagt. <\/li><\/ul>\n\n\n\n<ul class=\"wp-block-list\"><li>Mitglieder, die Krankheitssymptome aufweisen,\nwird das <strong>Betreten der Sportanlage und die Teilnahme am Training untersagt<\/strong>.\n<\/li><\/ul>\n\n\n\n<ul class=\"wp-block-list\"><li>Mitglieder werden regelm\u00e4\u00dfig darauf hingewiesen,\n<strong>ausreichend H\u00e4nde zu waschen<\/strong> und diese auch regelm\u00e4\u00dfig zu desinfizieren.\nF\u00fcr ausreichende Waschgelegenheiten, Fl\u00fcssigseife und Einmalhandt\u00fccher ist\ngesorgt. <\/li><\/ul>\n\n\n\n<ul class=\"wp-block-list\"><li>Vor\nund nach dem Training (z. B. Eingangsbereiche, WC-Anlagen, Umkleiden, Abholung\nund R\u00fcckgabe von Sportger\u00e4ten etc.) gilt eine <strong>Maskenpflicht <\/strong>\u2013 sowohl im\nIndoor- als auch im Outdoor-Bereich. <\/li><\/ul>\n\n\n\n<ul class=\"wp-block-list\"><li>Durch\ndie <strong>Benutzung von Handt\u00fcchern und Handschuhen<\/strong> wird der direkte Kontakt\nmit Sportger\u00e4ten vermieden. Nach Benutzung von Sportger\u00e4ten werden diese durch\nden Sportler selbst gereinigt und desinfiziert. <\/li><\/ul>\n\n\n\n<ul class=\"wp-block-list\"><li>In\nunseren sanit\u00e4ren Einrichtungen stehen <strong>ausreichend Seife und\nEinmalhandt\u00fccher<\/strong> zur Verf\u00fcgung. Nach Nutzung der Toilette, Urinale und\nWaschbecken sind diese direkt vom Nutzer zu desinfizieren.\u00a0\u00a0 <\/li><\/ul>\n\n\n\n<ul class=\"wp-block-list\"><li>Sportger\u00e4te\nwerden von den Nutzern <strong>selbstst\u00e4ndig gereinigt und desinfiziert<\/strong>. \u00a0<\/li><\/ul>\n\n\n\n<ul class=\"wp-block-list\"><li>Unsere Trainingsgruppen bestehen immer aus einem\n<strong>festen Teilnehmerkreis<\/strong>. Die Teilnehmerzahl und die Teilnehmerdaten\nwerden dokumentiert. Auch der Trainer\/\u00dcbungsleiter hat stets eine feste\nTrainingsgruppe. <\/li><\/ul>\n\n\n\n<ul class=\"wp-block-list\"><li><strong>Ger\u00e4ter\u00e4ume<\/strong> werden nur einzeln und zur\nGer\u00e4teentnahme und -r\u00fcckgabe betreten. Sollte mehr als eine Person bei Ger\u00e4ten\n(z. B. gro\u00dfen Matten) notwendig sein, gilt eine Maskenpflicht.\u00a0 <\/li><\/ul>\n\n\n\n<ul class=\"wp-block-list\"><li>Unsere\nMitglieder wurden darauf hingewiesen, dass bei <strong>Fahrgemeinschaften<\/strong> Masken\nim Fahrzeug zu tragen sind. Die Anreise erfolgt bereits in Sportkleidung. <\/li><\/ul>\n\n\n\n<ul class=\"wp-block-list\"><li>W\u00e4hrend\nder Trainings- und Sporteinheiten (inkl. bei Wettk\u00e4mpfen) sind <strong>Zuschauer\nuntersagt<\/strong>. <\/li><\/ul>\n\n\n\n<ul class=\"wp-block-list\"><li><strong>Getr\u00e4nke<\/strong> werden von den Mitgliedern\nselbst aus dem K\u00fchlschrank entnommen unter Einhaltung von Abstand- und\nMaskenschutz. <\/li><\/ul>\n\n\n\n<p><strong>Ma\u00dfnahmen\nvor Betreten der Sportanlage <\/strong><\/p>\n\n\n\n<ul class=\"wp-block-list\"><li>Mitgliedern, die Krankheitssymptome aufweisen,\nwird das <strong>Betreten der Sportanlage und die Teilnahme am Training untersagt<\/strong>.\n<\/li><\/ul>\n\n\n\n<ul class=\"wp-block-list\"><li>Vor Betreten der Sportanlage werden die\nMitglieder bereits auf die Einhaltung des <strong>Mindestabstands von 1,5 Metern<\/strong>\nhingewiesen. <\/li><\/ul>\n\n\n\n<ul class=\"wp-block-list\"><li>Eine\nNichteinhaltung des Mindestabstands von 1,5 Metern ist nur den Personen gestattet,\ndie generell nicht den allgemeinen Kontaktbeschr\u00e4nkungen unterzuordnen sind (z.\nB. Ehepaare).<\/li><\/ul>\n\n\n\n<ul class=\"wp-block-list\"><li>Bei Betreten der Sportanlage gilt eine <strong>Maskenpflicht<\/strong>\nauf dem gesamten Sportgel\u00e4nde. <\/li><\/ul>\n\n\n\n<p><strong>Zus\u00e4tzliche\nMa\u00dfnahmen im Outdoorsport <\/strong><\/p>\n\n\n\n<ul class=\"wp-block-list\"><li>Durch <strong>Beschilderungen<\/strong> ist sichergestellt,\ndass es zu keinen Warteschlangen kommt und die maximale Belegungszahl der Container\nnicht \u00fcberschritten werden kann. <\/li><\/ul>\n\n\n\n<ul class=\"wp-block-list\"><li>S\u00e4mtliche Trainingseinheiten werden <strong>dokumentiert\n<\/strong>(durch Aushang Reservierungsliste),\num im Falle einer Infektion eine Kontaktpersonenermittlung sicherstellen zu\nk\u00f6nnen.\u00a0 <\/li><\/ul>\n\n\n\n<ul class=\"wp-block-list\"><li>Die\nAus\u00fcbung des Sports erfolgt in allen Sportarten (Ausnahme: Tanzen)\ngrunds\u00e4tzlich <strong>kontaktlos<\/strong> und unter Einhaltung des Mindestabstands von\n1,5 Metern. <\/li><\/ul>\n\n\n\n<ul class=\"wp-block-list\"><li>Nach <strong>Abschluss der Trainingseinheit<\/strong>\nerfolgt die unmittelbare Abreise der Mitglieder.<\/li><\/ul>\n\n\n\n<p><strong>Zus\u00e4tzliche\nMa\u00dfnahmen in Umkleiden und Duschen<\/strong><\/p>\n\n\n\n<ul class=\"wp-block-list\"><li>Bei der Nutzung von Umkleiden \u2013 max. 1 Person\npro Umkleide \u2013 ist eine entsprechende <strong>Fu\u00dfbekleidung<\/strong> zu nutzen.<\/li><\/ul>\n\n\n\n<ul class=\"wp-block-list\"><li>Duschen k\u00f6nnen mangels Umsetzungsm\u00f6glichkeit der\ngeforderten Hygieneschutzma\u00dfnahmen nicht benutzt werden.<\/li><\/ul>\n\n\n\n<ul class=\"wp-block-list\"><li>Die Einhaltung des <strong>Mindestabstands<\/strong> von\n1,5 Metern wird beachtet. <\/li><\/ul>\n\n\n\n<ul class=\"wp-block-list\"><li>Die Fu\u00dfb\u00f6den und weitere Kontaktfl\u00e4chen sind\nnach dem Gebrauch von den Mitgliedern selbst zu <strong>reinigen und desinfizieren<\/strong>.\n<\/li><\/ul>\n\n\n\n<p><strong>Zus\u00e4tzliche\nMa\u00dfnahmen im Wettkampfbetrieb<\/strong><\/p>\n\n\n\n<ul class=\"wp-block-list\"><li>Wettk\u00e4mpfe werden <strong>nur im Freien<\/strong> und\nkontaktlos ausgetragen.<\/li><\/ul>\n\n\n\n<ul class=\"wp-block-list\"><li>Wettk\u00e4mpfe werden nur in <strong>kontaktlosen Sportarten<\/strong>\n(z. B. Golf, Tennis, Rad) durchgef\u00fchrt.<\/li><\/ul>\n\n\n\n<ul class=\"wp-block-list\"><li>Au\u00dferhalb des Wettkampfs, insbesondere beim\nDurchqueren von Eingangsbereichen, bei der Entnahme und dem Zur\u00fcckstellen von\nSportger\u00e4ten sowie bei der Nutzung von WC-Anlagen, besteht eine <strong>Maskenpflicht.<\/strong><\/li><\/ul>\n\n\n\n<ul class=\"wp-block-list\"><li>Wettk\u00e4mpfe werden ausnahmslos <strong>ohne Zuschauer<\/strong>\nausgetragen. <\/li><\/ul>\n\n\n\n<p>M\u00fcnchen, 10.07.2020\u00a0\u00a0\u00a0\u00a0\u00a0\u00a0\u00a0\u00a0\u00a0\u00a0\u00a0\u00a0\u00a0\u00a0\u00a0\u00a0\u00a0\u00a0\u00a0\u00a0\u00a0\u00a0\u00a0\u00a0\u00a0\u00a0\u00a0\u00a0\u00a0\u00a0\u00a0\u00a0\u00a0\u00a0\u00a0\u00a0\u00a0\u00a0\u00a0\u00a0\u00a0\u00a0\u00a0\u00a0\u00a0\u00a0\u00a0\u00a0\u00a0\u00a0\u00a0\u00a0\u00a0\u00a0\u00a0\u00a0\u00a0 Johann\nFuchs<\/p>\n\n\n\n<p>_______________________\u00a0\u00a0\u00a0\u00a0\u00a0\u00a0\u00a0\u00a0\u00a0\u00a0\u00a0\u00a0\u00a0\u00a0\u00a0\u00a0\u00a0\u00a0\u00a0\u00a0\u00a0\u00a0\u00a0\u00a0\u00a0\u00a0\u00a0\u00a0\u00a0\u00a0\u00a0\u00a0\u00a0\u00a0\u00a0\u00a0\u00a0\u00a0\u00a0\u00a0\u00a0\u00a0\u00a0\u00a0\u00a0\u00a0\u00a0\u00a0 _____________________________<\/p>\n\n\n\n<p><strong>Ort, Datum\u00a0\u00a0\u00a0\u00a0\u00a0\u00a0\u00a0\u00a0\u00a0\u00a0\u00a0\u00a0\u00a0\u00a0\u00a0\u00a0\u00a0\u00a0\u00a0\u00a0\u00a0\u00a0\u00a0\u00a0\u00a0\u00a0\u00a0\u00a0\u00a0\u00a0\u00a0\u00a0\u00a0\u00a0\u00a0\u00a0\u00a0\u00a0\u00a0\u00a0\u00a0\u00a0\u00a0\u00a0\u00a0\u00a0\u00a0\u00a0\u00a0\u00a0\u00a0\u00a0\u00a0\u00a0\u00a0\u00a0\u00a0\u00a0\u00a0\u00a0\u00a0\u00a0\u00a0\u00a0\u00a0\u00a0\u00a0\u00a0\u00a0\u00a0\u00a0\u00a0 Unterschrift\nVorstand<\/strong> <\/p>\n","protected":false},"excerpt":{"rendered":"<p>Stand: 09.07.2020 Im Rahmen der Wiederaufnahme des Sportbetriebs wird seitens des Bayerischen Staatsministeriums des Innern, f\u00fcr Sport und Integration ein Hygieneschutzkonzept f\u00fcr Sportvereine gefordert Generelle Sicherheits- und Hygieneregeln Wir weisen unsere Mitglieder auf den Mindestabstand von 1,5 Metern zwischen Personen im In- und Outdoorbereich hin. Jeglicher K\u00f6rperkontakt (z. B. Begr\u00fc\u00dfung, Verabschiedung, etc.) ist untersagt. Mitglieder, [&#8230;]<\/p>\n","protected":false},"author":1,"featured_media":0,"comment_status":"closed","ping_status":"closed","sticky":false,"template":"","format":"standard","meta":{"iawp_total_views":0,"footnotes":""},"categories":[18,53,54,1,52],"tags":[],"class_list":["post-1195","post","type-post","status-publish","format-standard","hentry","category-blog","category-stockschiessen","category-tennis","category-uncategorized","category-verein"],"_links":{"self":[{"href":"https:\/\/www.esv-Muenchen-west.de\/index.php?rest_route=\/wp\/v2\/posts\/1195","targetHints":{"allow":["GET"]}}],"collection":[{"href":"https:\/\/www.esv-Muenchen-west.de\/index.php?rest_route=\/wp\/v2\/posts"}],"about":[{"href":"https:\/\/www.esv-Muenchen-west.de\/index.php?rest_route=\/wp\/v2\/types\/post"}],"author":[{"embeddable":true,"href":"https:\/\/www.esv-Muenchen-west.de\/index.php?rest_route=\/wp\/v2\/users\/1"}],"replies":[{"embeddable":true,"href":"https:\/\/www.esv-Muenchen-west.de\/index.php?rest_route=%2Fwp%2Fv2%2Fcomments&post=1195"}],"version-history":[{"count":3,"href":"https:\/\/www.esv-Muenchen-west.de\/index.php?rest_route=\/wp\/v2\/posts\/1195\/revisions"}],"predecessor-version":[{"id":1199,"href":"https:\/\/www.esv-Muenchen-west.de\/index.php?rest_route=\/wp\/v2\/posts\/1195\/revisions\/1199"}],"wp:attachment":[{"href":"https:\/\/www.esv-Muenchen-west.de\/index.php?rest_route=%2Fwp%2Fv2%2Fmedia&parent=1195"}],"wp:term":[{"taxonomy":"category","embeddable":true,"href":"https:\/\/www.esv-Muenchen-west.de\/index.php?rest_route=%2Fwp%2Fv2%2Fcategories&post=1195"},{"taxonomy":"post_tag","embeddable":true,"href":"https:\/\/www.esv-Muenchen-west.de\/index.php?rest_route=%2Fwp%2Fv2%2Ftags&post=1195"}],"curies":[{"name":"wp","href":"https:\/\/api.w.org\/{rel}","templated":true}]}}