{"id":1248,"date":"2021-06-25T08:40:06","date_gmt":"2021-06-25T07:40:06","guid":{"rendered":"http:\/\/www.esv-Muenchen-west.de\/?p=1248"},"modified":"2024-01-10T18:35:40","modified_gmt":"2024-01-10T17:35:40","slug":"jahreshauptversammlung-esv-und-abteilung-tennis","status":"publish","type":"post","link":"https:\/\/www.esv-Muenchen-west.de\/?p=1248","title":{"rendered":"Jahreshauptversammlung ESV und Abteilung Tennis"},"content":{"rendered":"\n<p>Nachdem die Inzedenzzahlen unter 50 gesunken sind und die Bayer. Infektionsschutzma\u00dfnahmenverordnung f\u00fcr geladenen Personenkreis eine Zusammenkunft von 50 Personen f\u00fcr den Innenbereich und 100 Personen f\u00fcr den Au\u00dfenbereich erlauben,<\/p>\n\n\n\n<p>lade ich alle Mitglieder des ESV M\u00fcnchen-West\u00a0 zur ordentlichen Jahreshauptversammlung recht herzlich ein.<\/p>\n\n\n\n<p>Die Versammlung findet statt am<\/p>\n\n\n\n<h4 class=\"wp-block-heading\">Freitag, den 23.07.2021<\/h4>\n\n\n\n<p><strong>im Vereinsheim an der Bergsonstr. 117, 81245 M\u00fcnchen<\/strong><\/p>\n\n\n\n<h4 class=\"wp-block-heading\">Beginn 17.00 Uhr<\/h4>\n\n\n\n<p>Die Einladungen inkl. Tagesordnungspunkten werden euch auf dem \u00fcblichen Wege zugestellt.<\/p>\n\n\n\n<p>Nachdem uns die Corona-Pandemie nahezu 2 Saisonen jegliche Zusammenk\u00fcnfte untersagt hat, hoffe ich auf zahlreiche Beteiligung und verbleibe<\/p>\n\n\n\n<p>mit sportlichen Gr\u00fc\u00dfen<\/p>\n\n\n\n<p>\u00a0\u00a0\u00a0 Johann Fuchs<\/p>\n\n\n\n<p>\u00a0\u00a0\u00a0\u00a0\u00a0 1. Vorstand<\/p>\n\n\n\n<hr class=\"wp-block-separator\"\/>\n\n\n\n<p class=\"has-medium-font-size\"><strong>Einladung zur Mitgliederversammlung der Abteilung Tennis<\/strong><\/p>\n\n\n\n<p>Liebe Tennisfreunde,<\/p>\n\n\n\n<p>hiermit lade ich satzungsgem\u00e4\u00df zur ordentlichen Mitgliederversammlung 2021 der Tennisabteilung des ESV M\u00fcnchen-West e.V. ein.<\/p>\n\n\n\n<h3 class=\"wp-block-heading\">\u00a0<\/h3>\n\n\n\n<p><strong>Datum:\u00a0\u00a0\u00a0\u00a0\u00a0\u00a0\u00a0\u00a0\u00a0 <\/strong>\u00a0\u00a0\u00a0\u00a0\u00a0\u00a0\u00a0\u00a0\u00a0\u00a0\u00a0 <strong>Freitag, den 23.07.2021<\/strong><\/p>\n\n\n\n<p><strong>Beginn:\u00a0\u00a0\u00a0\u00a0\u00a0\u00a0\u00a0\u00a0\u00a0\u00a0\u00a0\u00a0\u00a0\u00a0\u00a0\u00a0\u00a0\u00a0\u00a0\u00a0 19:00 Uhr<\/strong><\/p>\n\n\n\n<p><strong>Ort:\u00a0\u00a0\u00a0\u00a0\u00a0\u00a0\u00a0\u00a0\u00a0\u00a0\u00a0\u00a0\u00a0\u00a0\u00a0\u00a0\u00a0\u00a0\u00a0\u00a0\u00a0\u00a0\u00a0\u00a0\u00a0\u00a0\u00a0\u00a0 Vereinsheim Bergsonstr. 117, 81245 M\u00fcnchen<\/strong><\/p>\n\n\n\n<p>Ich freue mich auf zahlreiche Teilnahme<\/p>\n\n\n\n<p>Mit sportlichen Gr\u00fc\u00dfen<\/p>\n","protected":false},"excerpt":{"rendered":"<p>Nachdem die Inzedenzzahlen unter 50 gesunken sind und die Bayer. Infektionsschutzma\u00dfnahmenverordnung f\u00fcr geladenen Personenkreis eine Zusammenkunft von 50 Personen f\u00fcr den Innenbereich und 100 Personen f\u00fcr den Au\u00dfenbereich erlauben, lade ich alle Mitglieder des ESV M\u00fcnchen-West\u00a0 zur ordentlichen Jahreshauptversammlung recht herzlich ein. Die Versammlung findet statt am Freitag, den 23.07.2021 im Vereinsheim an der Bergsonstr. [&#8230;]<\/p>\n","protected":false},"author":1,"featured_media":0,"comment_status":"closed","ping_status":"closed","sticky":false,"template":"","format":"standard","meta":{"iawp_total_views":39,"footnotes":""},"categories":[18,54,1],"tags":[],"class_list":["post-1248","post","type-post","status-publish","format-standard","hentry","category-blog","category-tennis","category-uncategorized"],"_links":{"self":[{"href":"https:\/\/www.esv-Muenchen-west.de\/index.php?rest_route=\/wp\/v2\/posts\/1248","targetHints":{"allow":["GET"]}}],"collection":[{"href":"https:\/\/www.esv-Muenchen-west.de\/index.php?rest_route=\/wp\/v2\/posts"}],"about":[{"href":"https:\/\/www.esv-Muenchen-west.de\/index.php?rest_route=\/wp\/v2\/types\/post"}],"author":[{"embeddable":true,"href":"https:\/\/www.esv-Muenchen-west.de\/index.php?rest_route=\/wp\/v2\/users\/1"}],"replies":[{"embeddable":true,"href":"https:\/\/www.esv-Muenchen-west.de\/index.php?rest_route=%2Fwp%2Fv2%2Fcomments&post=1248"}],"version-history":[{"count":4,"href":"https:\/\/www.esv-Muenchen-west.de\/index.php?rest_route=\/wp\/v2\/posts\/1248\/revisions"}],"predecessor-version":[{"id":1252,"href":"https:\/\/www.esv-Muenchen-west.de\/index.php?rest_route=\/wp\/v2\/posts\/1248\/revisions\/1252"}],"wp:attachment":[{"href":"https:\/\/www.esv-Muenchen-west.de\/index.php?rest_route=%2Fwp%2Fv2%2Fmedia&parent=1248"}],"wp:term":[{"taxonomy":"category","embeddable":true,"href":"https:\/\/www.esv-Muenchen-west.de\/index.php?rest_route=%2Fwp%2Fv2%2Fcategories&post=1248"},{"taxonomy":"post_tag","embeddable":true,"href":"https:\/\/www.esv-Muenchen-west.de\/index.php?rest_route=%2Fwp%2Fv2%2Ftags&post=1248"}],"curies":[{"name":"wp","href":"https:\/\/api.w.org\/{rel}","templated":true}]}}